{"id":3386,"date":"2026-04-29T11:21:09","date_gmt":"2026-04-29T09:21:09","guid":{"rendered":"https:\/\/obs-seesen.de\/?p=3386"},"modified":"2026-04-29T11:21:11","modified_gmt":"2026-04-29T09:21:11","slug":"neue-freundschaften-zwischen-fjorden-und-harz","status":"publish","type":"post","link":"https:\/\/obs-seesen.de\/?p=3386","title":{"rendered":"Neue Freundschaften zwischen Fjorden und Harz"},"content":{"rendered":"\n<p>Am 12. April machten sich acht Sch\u00fclerinnen und Sch\u00fcler der Jahrg\u00e4nge 7 bis 9 der Oberschule Seesen gemeinsam mit drei Lehrkr\u00e4ften auf den Weg in die norwegische Gemeinde \u00d8ygarden. Anlass war der zweite Teil des Sch\u00fcleraustauschs, nachdem bereits im April 2025 norwegische Jugendliche zu Gast in Seesen gewesen waren.<\/p>\n\n\n\n<p>Nach der Ankunft in Bergen ging es f\u00fcr die Gruppe direkt weiter zu ihren Gastfamilien auf die Inseln vor der K\u00fcste. Dort erhielten die Sch\u00fclerinnen und Sch\u00fcler nicht nur Einblicke in den Schulalltag, sondern auch in das norwegische Familienleben und die Kultur des Landes. Neben dem Besuch des regul\u00e4ren Unterrichts standen zahlreiche gemeinsame Aktivit\u00e4ten auf dem Programm: Ausfl\u00fcge zu Sehensw\u00fcrdigkeiten, Wanderungen sowie sportliche Veranstaltungen wie ein Bowlingabend und ein Turnier sorgten f\u00fcr Abwechslung und st\u00e4rkten den Zusammenhalt.<\/p>\n\n\n\n<p>Ein besonderes Highlight stellte der Besuch einer Fischzucht dar. In einem Workshop setzten sich die Jugendlichen intensiv mit der norwegischen Aquakultur auseinander. Dabei wurden&nbsp;neben&nbsp;nachhaltigen&nbsp;Aspekten&nbsp;&nbsp;auch&nbsp;Herausforderungen der Branche thematisiert. Mit gro\u00dfem Interesse stellten die Sch\u00fclerinnen und Sch\u00fcler Fragen und untersuchten unter fachkundiger Anleitung selbst Fische \u2013 sowohl mit blo\u00dfem Auge als auch mithilfe eines Binokulars. Im Anschluss f\u00fchrte eine Fahrt mit einem RIB-Boot hinaus auf den Fjord zu einer Fischfarm, wo die Teilnehmenden die Tiere in ihren Gehegen beobachten und mehr \u00fcber die F\u00fctterung erfahren konnten.<\/p>\n\n\n\n<p>W\u00e4hrend des gesamten Aufenthalts verst\u00e4ndigten sich die deutschen und norwegischen Jugendlichen auf Englisch. So bot der Austausch eine wertvolle Gelegenheit, im Unterricht erworbene Sprachkenntnisse,&nbsp;praktisch anzuwenden. Besonders beeindruckend war dabei, wie problemlos die Kommunikation funktionierte und wie schnell neue Freundschaften entstanden.<\/p>\n\n\n\n<p>Neben den betreuenden Lehrkr\u00e4ften nahm auch eine weitere Lehrerin teil, um Einblicke in das norwegische Schulsystem zu gewinnen. Der Austausch zwischen den Kolleginnen und Kollegen erwies sich als ebenso bereichernd: Gemeinsam wurden Unterschiede und Gemeinsamkeiten im Unterricht diskutiert sowie Erfahrungen im Umgang mit digitalen Medien und K\u00fcnstlicher Intelligenz geteilt.<\/p>\n\n\n\n<p>Wie bedeutsam solche Begegnungen sind, zeigte sich besonders beim Abschied: Mit vielen Umarmungen und bereits geschmiedeten Pl\u00e4nen f\u00fcr zuk\u00fcnftige Besuche ging eine intensive Woche zu Ende. Der Austausch leistet damit einen wichtigen Beitrag zur V\u00f6lkerverst\u00e4ndigung und zur St\u00e4rkung des europ\u00e4ischen Gedankens.<\/p>\n\n\n\n<p>Die Oberschule Seesen pflegt weitere lebendige Partnerschaften mit Schulen in Italien, Frankreich und Polen.<\/p>\n","protected":false},"excerpt":{"rendered":"<p>Am 12. April machten sich acht Sch\u00fclerinnen und Sch\u00fcler der Jahrg\u00e4nge 7 bis 9 der Oberschule Seesen gemeinsam mit drei Lehrkr\u00e4ften auf den Weg in die norwegische Gemeinde \u00d8ygarden. Anlass war der zweite Teil des Sch\u00fcleraustauschs, nachdem bereits im April 2025 norwegische Jugendliche zu Gast in Seesen gewesen waren. Nach der Ankunft in Bergen ging &hellip; <a href=\"https:\/\/obs-seesen.de\/?p=3386\" class=\"more-link\"><span class=\"screen-reader-text\">Neue Freundschaften zwischen Fjorden und Harz<\/span> weiterlesen <span class=\"meta-nav\">&rarr;<\/span><\/a><\/p>\n","protected":false},"author":5,"featured_media":3387,"comment_status":"closed","ping_status":"closed","sticky":false,"template":"","format":"standard","meta":{"footnotes":""},"categories":[1],"tags":[63,10,48],"class_list":["post-3386","post","type-post","status-publish","format-standard","has-post-thumbnail","hentry","category-allgemein","tag-austausch","tag-oberschule","tag-seesen"],"yoast_head":"<!-- This site is optimized with the Yoast SEO plugin v27.5 - https:\/\/yoast.com\/product\/yoast-seo-wordpress\/ -->\n<title>Neue Freundschaften zwischen Fjorden und Harz - Oberschule Seesen<\/title>\n<meta name=\"robots\" content=\"index, follow, max-snippet:-1, max-image-preview:large, max-video-preview:-1\" \/>\n<link rel=\"canonical\" href=\"https:\/\/obs-seesen.de\/?p=3386\" \/>\n<meta property=\"og:locale\" content=\"de_DE\" \/>\n<meta property=\"og:type\" content=\"article\" \/>\n<meta property=\"og:title\" content=\"Neue Freundschaften zwischen Fjorden und Harz - Oberschule Seesen\" \/>\n<meta property=\"og:description\" content=\"Am 12. April machten sich acht Sch\u00fclerinnen und Sch\u00fcler der Jahrg\u00e4nge 7 bis 9 der Oberschule Seesen gemeinsam mit drei Lehrkr\u00e4ften auf den Weg in die norwegische Gemeinde \u00d8ygarden. Anlass war der zweite Teil des Sch\u00fcleraustauschs, nachdem bereits im April 2025 norwegische Jugendliche zu Gast in Seesen gewesen waren. Nach der Ankunft in Bergen ging &hellip; Neue Freundschaften zwischen Fjorden und Harz weiterlesen &rarr;\" \/>\n<meta property=\"og:url\" content=\"https:\/\/obs-seesen.de\/?p=3386\" \/>\n<meta property=\"og:site_name\" content=\"Oberschule Seesen\" \/>\n<meta property=\"article:published_time\" content=\"2026-04-29T09:21:09+00:00\" \/>\n<meta property=\"article:modified_time\" content=\"2026-04-29T09:21:11+00:00\" \/>\n<meta property=\"og:image\" content=\"https:\/\/obs-seesen.de\/wp-content\/uploads\/2026\/04\/IMG_2585.jpeg\" \/>\n\t<meta property=\"og:image:width\" content=\"1644\" \/>\n\t<meta property=\"og:image:height\" content=\"1087\" \/>\n\t<meta property=\"og:image:type\" content=\"image\/jpeg\" \/>\n<meta name=\"author\" content=\"Sarah Wolny\" \/>\n<meta name=\"twitter:label1\" content=\"Verfasst von\" \/>\n\t<meta name=\"twitter:data1\" content=\"Sarah Wolny\" \/>\n\t<meta name=\"twitter:label2\" content=\"Gesch\u00e4tzte Lesezeit\" \/>\n\t<meta name=\"twitter:data2\" content=\"3\u00a0Minuten\" \/>\n<script type=\"application\/ld+json\" class=\"yoast-schema-graph\">{\"@context\":\"https:\\\/\\\/schema.org\",\"@graph\":[{\"@type\":\"Article\",\"@id\":\"https:\\\/\\\/obs-seesen.de\\\/?p=3386#article\",\"isPartOf\":{\"@id\":\"https:\\\/\\\/obs-seesen.de\\\/?p=3386\"},\"author\":{\"name\":\"Sarah Wolny\",\"@id\":\"https:\\\/\\\/obs-seesen.de\\\/#\\\/schema\\\/person\\\/754ea90b82286a6f4ff36c47e501b4b8\"},\"headline\":\"Neue Freundschaften zwischen Fjorden und Harz\",\"datePublished\":\"2026-04-29T09:21:09+00:00\",\"dateModified\":\"2026-04-29T09:21:11+00:00\",\"mainEntityOfPage\":{\"@id\":\"https:\\\/\\\/obs-seesen.de\\\/?p=3386\"},\"wordCount\":400,\"image\":{\"@id\":\"https:\\\/\\\/obs-seesen.de\\\/?p=3386#primaryimage\"},\"thumbnailUrl\":\"https:\\\/\\\/obs-seesen.de\\\/wp-content\\\/uploads\\\/2026\\\/04\\\/IMG_2585.jpeg\",\"keywords\":[\"Austausch\",\"Oberschule\",\"Seesen\"],\"inLanguage\":\"de\"},{\"@type\":\"WebPage\",\"@id\":\"https:\\\/\\\/obs-seesen.de\\\/?p=3386\",\"url\":\"https:\\\/\\\/obs-seesen.de\\\/?p=3386\",\"name\":\"Neue Freundschaften zwischen Fjorden und Harz - Oberschule Seesen\",\"isPartOf\":{\"@id\":\"https:\\\/\\\/obs-seesen.de\\\/#website\"},\"primaryImageOfPage\":{\"@id\":\"https:\\\/\\\/obs-seesen.de\\\/?p=3386#primaryimage\"},\"image\":{\"@id\":\"https:\\\/\\\/obs-seesen.de\\\/?p=3386#primaryimage\"},\"thumbnailUrl\":\"https:\\\/\\\/obs-seesen.de\\\/wp-content\\\/uploads\\\/2026\\\/04\\\/IMG_2585.jpeg\",\"datePublished\":\"2026-04-29T09:21:09+00:00\",\"dateModified\":\"2026-04-29T09:21:11+00:00\",\"author\":{\"@id\":\"https:\\\/\\\/obs-seesen.de\\\/#\\\/schema\\\/person\\\/754ea90b82286a6f4ff36c47e501b4b8\"},\"breadcrumb\":{\"@id\":\"https:\\\/\\\/obs-seesen.de\\\/?p=3386#breadcrumb\"},\"inLanguage\":\"de\",\"potentialAction\":[{\"@type\":\"ReadAction\",\"target\":[\"https:\\\/\\\/obs-seesen.de\\\/?p=3386\"]}]},{\"@type\":\"ImageObject\",\"inLanguage\":\"de\",\"@id\":\"https:\\\/\\\/obs-seesen.de\\\/?p=3386#primaryimage\",\"url\":\"https:\\\/\\\/obs-seesen.de\\\/wp-content\\\/uploads\\\/2026\\\/04\\\/IMG_2585.jpeg\",\"contentUrl\":\"https:\\\/\\\/obs-seesen.de\\\/wp-content\\\/uploads\\\/2026\\\/04\\\/IMG_2585.jpeg\",\"width\":1644,\"height\":1087,\"caption\":\"Screenshot\"},{\"@type\":\"BreadcrumbList\",\"@id\":\"https:\\\/\\\/obs-seesen.de\\\/?p=3386#breadcrumb\",\"itemListElement\":[{\"@type\":\"ListItem\",\"position\":1,\"name\":\"Home\",\"item\":\"https:\\\/\\\/obs-seesen.de\\\/\"},{\"@type\":\"ListItem\",\"position\":2,\"name\":\"Neue Freundschaften zwischen Fjorden und Harz\"}]},{\"@type\":\"WebSite\",\"@id\":\"https:\\\/\\\/obs-seesen.de\\\/#website\",\"url\":\"https:\\\/\\\/obs-seesen.de\\\/\",\"name\":\"Oberschule Seesen\",\"description\":\"seit 1884 | Ganztagsschule | mit gymnasialem Angebot | Sch\u00fclerfriedenspreis 2015\",\"potentialAction\":[{\"@type\":\"SearchAction\",\"target\":{\"@type\":\"EntryPoint\",\"urlTemplate\":\"https:\\\/\\\/obs-seesen.de\\\/?s={search_term_string}\"},\"query-input\":{\"@type\":\"PropertyValueSpecification\",\"valueRequired\":true,\"valueName\":\"search_term_string\"}}],\"inLanguage\":\"de\"},{\"@type\":\"Person\",\"@id\":\"https:\\\/\\\/obs-seesen.de\\\/#\\\/schema\\\/person\\\/754ea90b82286a6f4ff36c47e501b4b8\",\"name\":\"Sarah Wolny\",\"image\":{\"@type\":\"ImageObject\",\"inLanguage\":\"de\",\"@id\":\"https:\\\/\\\/secure.gravatar.com\\\/avatar\\\/3d4a033f3d5863defe14b64f37e4f89ab3b65a0c80a082904d57994784fc91a5?s=96&d=mm&r=g\",\"url\":\"https:\\\/\\\/secure.gravatar.com\\\/avatar\\\/3d4a033f3d5863defe14b64f37e4f89ab3b65a0c80a082904d57994784fc91a5?s=96&d=mm&r=g\",\"contentUrl\":\"https:\\\/\\\/secure.gravatar.com\\\/avatar\\\/3d4a033f3d5863defe14b64f37e4f89ab3b65a0c80a082904d57994784fc91a5?s=96&d=mm&r=g\",\"caption\":\"Sarah Wolny\"},\"url\":\"https:\\\/\\\/obs-seesen.de\\\/?author=5\"}]}<\/script>\n<!-- \/ Yoast SEO plugin. -->","yoast_head_json":{"title":"Neue Freundschaften zwischen Fjorden und Harz - Oberschule Seesen","robots":{"index":"index","follow":"follow","max-snippet":"max-snippet:-1","max-image-preview":"max-image-preview:large","max-video-preview":"max-video-preview:-1"},"canonical":"https:\/\/obs-seesen.de\/?p=3386","og_locale":"de_DE","og_type":"article","og_title":"Neue Freundschaften zwischen Fjorden und Harz - Oberschule Seesen","og_description":"Am 12. April machten sich acht Sch\u00fclerinnen und Sch\u00fcler der Jahrg\u00e4nge 7 bis 9 der Oberschule Seesen gemeinsam mit drei Lehrkr\u00e4ften auf den Weg in die norwegische Gemeinde \u00d8ygarden. Anlass war der zweite Teil des Sch\u00fcleraustauschs, nachdem bereits im April 2025 norwegische Jugendliche zu Gast in Seesen gewesen waren. Nach der Ankunft in Bergen ging &hellip; Neue Freundschaften zwischen Fjorden und Harz weiterlesen &rarr;","og_url":"https:\/\/obs-seesen.de\/?p=3386","og_site_name":"Oberschule Seesen","article_published_time":"2026-04-29T09:21:09+00:00","article_modified_time":"2026-04-29T09:21:11+00:00","og_image":[{"width":1644,"height":1087,"url":"https:\/\/obs-seesen.de\/wp-content\/uploads\/2026\/04\/IMG_2585.jpeg","type":"image\/jpeg"}],"author":"Sarah Wolny","twitter_misc":{"Verfasst von":"Sarah Wolny","Gesch\u00e4tzte Lesezeit":"3\u00a0Minuten"},"schema":{"@context":"https:\/\/schema.org","@graph":[{"@type":"Article","@id":"https:\/\/obs-seesen.de\/?p=3386#article","isPartOf":{"@id":"https:\/\/obs-seesen.de\/?p=3386"},"author":{"name":"Sarah Wolny","@id":"https:\/\/obs-seesen.de\/#\/schema\/person\/754ea90b82286a6f4ff36c47e501b4b8"},"headline":"Neue Freundschaften zwischen Fjorden und Harz","datePublished":"2026-04-29T09:21:09+00:00","dateModified":"2026-04-29T09:21:11+00:00","mainEntityOfPage":{"@id":"https:\/\/obs-seesen.de\/?p=3386"},"wordCount":400,"image":{"@id":"https:\/\/obs-seesen.de\/?p=3386#primaryimage"},"thumbnailUrl":"https:\/\/obs-seesen.de\/wp-content\/uploads\/2026\/04\/IMG_2585.jpeg","keywords":["Austausch","Oberschule","Seesen"],"inLanguage":"de"},{"@type":"WebPage","@id":"https:\/\/obs-seesen.de\/?p=3386","url":"https:\/\/obs-seesen.de\/?p=3386","name":"Neue Freundschaften zwischen Fjorden und Harz - Oberschule Seesen","isPartOf":{"@id":"https:\/\/obs-seesen.de\/#website"},"primaryImageOfPage":{"@id":"https:\/\/obs-seesen.de\/?p=3386#primaryimage"},"image":{"@id":"https:\/\/obs-seesen.de\/?p=3386#primaryimage"},"thumbnailUrl":"https:\/\/obs-seesen.de\/wp-content\/uploads\/2026\/04\/IMG_2585.jpeg","datePublished":"2026-04-29T09:21:09+00:00","dateModified":"2026-04-29T09:21:11+00:00","author":{"@id":"https:\/\/obs-seesen.de\/#\/schema\/person\/754ea90b82286a6f4ff36c47e501b4b8"},"breadcrumb":{"@id":"https:\/\/obs-seesen.de\/?p=3386#breadcrumb"},"inLanguage":"de","potentialAction":[{"@type":"ReadAction","target":["https:\/\/obs-seesen.de\/?p=3386"]}]},{"@type":"ImageObject","inLanguage":"de","@id":"https:\/\/obs-seesen.de\/?p=3386#primaryimage","url":"https:\/\/obs-seesen.de\/wp-content\/uploads\/2026\/04\/IMG_2585.jpeg","contentUrl":"https:\/\/obs-seesen.de\/wp-content\/uploads\/2026\/04\/IMG_2585.jpeg","width":1644,"height":1087,"caption":"Screenshot"},{"@type":"BreadcrumbList","@id":"https:\/\/obs-seesen.de\/?p=3386#breadcrumb","itemListElement":[{"@type":"ListItem","position":1,"name":"Home","item":"https:\/\/obs-seesen.de\/"},{"@type":"ListItem","position":2,"name":"Neue Freundschaften zwischen Fjorden und Harz"}]},{"@type":"WebSite","@id":"https:\/\/obs-seesen.de\/#website","url":"https:\/\/obs-seesen.de\/","name":"Oberschule Seesen","description":"seit 1884 | Ganztagsschule | mit gymnasialem Angebot | Sch\u00fclerfriedenspreis 2015","potentialAction":[{"@type":"SearchAction","target":{"@type":"EntryPoint","urlTemplate":"https:\/\/obs-seesen.de\/?s={search_term_string}"},"query-input":{"@type":"PropertyValueSpecification","valueRequired":true,"valueName":"search_term_string"}}],"inLanguage":"de"},{"@type":"Person","@id":"https:\/\/obs-seesen.de\/#\/schema\/person\/754ea90b82286a6f4ff36c47e501b4b8","name":"Sarah Wolny","image":{"@type":"ImageObject","inLanguage":"de","@id":"https:\/\/secure.gravatar.com\/avatar\/3d4a033f3d5863defe14b64f37e4f89ab3b65a0c80a082904d57994784fc91a5?s=96&d=mm&r=g","url":"https:\/\/secure.gravatar.com\/avatar\/3d4a033f3d5863defe14b64f37e4f89ab3b65a0c80a082904d57994784fc91a5?s=96&d=mm&r=g","contentUrl":"https:\/\/secure.gravatar.com\/avatar\/3d4a033f3d5863defe14b64f37e4f89ab3b65a0c80a082904d57994784fc91a5?s=96&d=mm&r=g","caption":"Sarah Wolny"},"url":"https:\/\/obs-seesen.de\/?author=5"}]}},"_links":{"self":[{"href":"https:\/\/obs-seesen.de\/index.php?rest_route=\/wp\/v2\/posts\/3386","targetHints":{"allow":["GET"]}}],"collection":[{"href":"https:\/\/obs-seesen.de\/index.php?rest_route=\/wp\/v2\/posts"}],"about":[{"href":"https:\/\/obs-seesen.de\/index.php?rest_route=\/wp\/v2\/types\/post"}],"author":[{"embeddable":true,"href":"https:\/\/obs-seesen.de\/index.php?rest_route=\/wp\/v2\/users\/5"}],"replies":[{"embeddable":true,"href":"https:\/\/obs-seesen.de\/index.php?rest_route=%2Fwp%2Fv2%2Fcomments&post=3386"}],"version-history":[{"count":1,"href":"https:\/\/obs-seesen.de\/index.php?rest_route=\/wp\/v2\/posts\/3386\/revisions"}],"predecessor-version":[{"id":3388,"href":"https:\/\/obs-seesen.de\/index.php?rest_route=\/wp\/v2\/posts\/3386\/revisions\/3388"}],"wp:featuredmedia":[{"embeddable":true,"href":"https:\/\/obs-seesen.de\/index.php?rest_route=\/wp\/v2\/media\/3387"}],"wp:attachment":[{"href":"https:\/\/obs-seesen.de\/index.php?rest_route=%2Fwp%2Fv2%2Fmedia&parent=3386"}],"wp:term":[{"taxonomy":"category","embeddable":true,"href":"https:\/\/obs-seesen.de\/index.php?rest_route=%2Fwp%2Fv2%2Fcategories&post=3386"},{"taxonomy":"post_tag","embeddable":true,"href":"https:\/\/obs-seesen.de\/index.php?rest_route=%2Fwp%2Fv2%2Ftags&post=3386"}],"curies":[{"name":"wp","href":"https:\/\/api.w.org\/{rel}","templated":true}]}}