{"id":3375,"date":"2026-04-29T11:09:33","date_gmt":"2026-04-29T09:09:33","guid":{"rendered":"https:\/\/obs-seesen.de\/?p=3375"},"modified":"2026-04-29T11:13:38","modified_gmt":"2026-04-29T09:13:38","slug":"offenes-lesen-in-seesen-zum-welttag-des-buches","status":"publish","type":"post","link":"https:\/\/obs-seesen.de\/?p=3375","title":{"rendered":"Offenes Lesen in Seesen zum Welttag des Buches"},"content":{"rendered":"\n<p>Anl\u00e4sslich des Welttags des Buches am 23. April fand an der Oberschule Seesen erneut das Projekt \u201eOffenes Lesen\u201c im Jahrgang 5 statt. In der Zeit von der ersten bis zur f\u00fcnften Stunde verlie\u00dfen die Sch\u00fclerinnen und Sch\u00fcler gemeinsam mit ihren Lehrkr\u00e4ften das Schulgel\u00e4nde und machten sich auf den Weg zu verschiedenen Leseorten im Stadtgebiet. Das Projekt ist Teil der \u201eLesewerkstatt\u201c der Oberschule Seesen, in der die Sch\u00fclerinnen und Sch\u00fcler der f\u00fcnften und sechsten Klassen regelm\u00e4\u00dfig in kleinen Gruppen gezielt in ihrer Lesekompetenz gef\u00f6rdert werden.<\/p>\n\n\n\n<p>In kleinen Gruppen wurde an unterschiedlichen Orten gelesen, unter anderem in der Seniorenresidenz Nordik-Care, in der Grundschule Jahnstra\u00dfe sowie in der Lebenshilfe Seesen. Ziel des Projekts ist es, Lesefreude zu f\u00f6rdern, Lesekompetenz zu st\u00e4rken und das Lesen bewusst in den \u00f6ffentlichen Raum zu tragen.<br>Der Wechsel des Lernorts wurde von vielen Sch\u00fclerinnen und Sch\u00fclern als besondere Erfahrung wahrgenommen.<br>\u201eEs hat Spa\u00df gemacht, an einem anderen Ort zu lesen, das war irgendwie ganz anders als im Unterricht\u201c, berichtete ein Sch\u00fcler im Anschluss.<\/p>\n\n\n\n<p>Die R\u00fcckmeldungen der beteiligten Lehrkr\u00e4fte zeigen insgesamt ein positives Bild des Tages: Die Kinder konnten ihre Lesef\u00e4higkeiten unter Beweis stellen und erlebten gleichzeitig, wie viel Freude gemeinsames Lesen bereiten kann.<\/p>\n\n\n\n<p>Ein besonderer Dank gilt allen Einrichtungen und Beteiligten, die sich bereit erkl\u00e4rt haben, als Leseorte zur Verf\u00fcgung zu stehen und das Projekt zu unterst\u00fctzen.<\/p>\n\n\n\n<p>Eine erneute Durchf\u00fchrung des Projekts im kommenden Jahr ist bereits eingeplant.<\/p>\n\n\n\n<p><\/p>\n\n\n\n<figure class=\"wp-block-image size-large\"><img loading=\"lazy\" decoding=\"async\" width=\"768\" height=\"1024\" src=\"https:\/\/obs-seesen.de\/wp-content\/uploads\/2026\/04\/IMG_2581-768x1024.jpeg\" alt=\"\" class=\"wp-image-3376\" srcset=\"https:\/\/obs-seesen.de\/wp-content\/uploads\/2026\/04\/IMG_2581-768x1024.jpeg 768w, https:\/\/obs-seesen.de\/wp-content\/uploads\/2026\/04\/IMG_2581-225x300.jpeg 225w, https:\/\/obs-seesen.de\/wp-content\/uploads\/2026\/04\/IMG_2581-1152x1536.jpeg 1152w, https:\/\/obs-seesen.de\/wp-content\/uploads\/2026\/04\/IMG_2581-1536x2048.jpeg 1536w, https:\/\/obs-seesen.de\/wp-content\/uploads\/2026\/04\/IMG_2581-scaled.jpeg 1920w\" sizes=\"auto, (max-width: 768px) 100vw, 768px\" \/><\/figure>\n\n\n\n<figure class=\"wp-block-gallery has-nested-images columns-default is-cropped wp-block-gallery-1 is-layout-flex wp-block-gallery-is-layout-flex\">\n<figure class=\"wp-block-image size-large\"><img loading=\"lazy\" decoding=\"async\" width=\"1024\" height=\"768\" data-id=\"3381\" src=\"https:\/\/obs-seesen.de\/wp-content\/uploads\/2026\/04\/IMG_2582-1-1024x768.jpeg\" alt=\"\" class=\"wp-image-3381\" srcset=\"https:\/\/obs-seesen.de\/wp-content\/uploads\/2026\/04\/IMG_2582-1-1024x768.jpeg 1024w, https:\/\/obs-seesen.de\/wp-content\/uploads\/2026\/04\/IMG_2582-1-300x225.jpeg 300w, https:\/\/obs-seesen.de\/wp-content\/uploads\/2026\/04\/IMG_2582-1-768x576.jpeg 768w, https:\/\/obs-seesen.de\/wp-content\/uploads\/2026\/04\/IMG_2582-1-1536x1152.jpeg 1536w, https:\/\/obs-seesen.de\/wp-content\/uploads\/2026\/04\/IMG_2582-1-2048x1536.jpeg 2048w\" sizes=\"auto, (max-width: 1024px) 100vw, 1024px\" \/><\/figure>\n<\/figure>\n\n\n\n<figure class=\"wp-block-gallery has-nested-images columns-default is-cropped wp-block-gallery-2 is-layout-flex wp-block-gallery-is-layout-flex\">\n<figure class=\"wp-block-image size-large\"><img loading=\"lazy\" decoding=\"async\" width=\"1024\" height=\"768\" data-id=\"3384\" src=\"https:\/\/obs-seesen.de\/wp-content\/uploads\/2026\/04\/IMG_2583-2-1024x768.jpeg\" alt=\"\" class=\"wp-image-3384\" srcset=\"https:\/\/obs-seesen.de\/wp-content\/uploads\/2026\/04\/IMG_2583-2-1024x768.jpeg 1024w, https:\/\/obs-seesen.de\/wp-content\/uploads\/2026\/04\/IMG_2583-2-300x225.jpeg 300w, https:\/\/obs-seesen.de\/wp-content\/uploads\/2026\/04\/IMG_2583-2-768x576.jpeg 768w, https:\/\/obs-seesen.de\/wp-content\/uploads\/2026\/04\/IMG_2583-2-1536x1152.jpeg 1536w, https:\/\/obs-seesen.de\/wp-content\/uploads\/2026\/04\/IMG_2583-2-2048x1536.jpeg 2048w\" sizes=\"auto, (max-width: 1024px) 100vw, 1024px\" \/><\/figure>\n<\/figure>\n","protected":false},"excerpt":{"rendered":"<p>Anl\u00e4sslich des Welttags des Buches am 23. April fand an der Oberschule Seesen erneut das Projekt \u201eOffenes Lesen\u201c im Jahrgang 5 statt. In der Zeit von der ersten bis zur f\u00fcnften Stunde verlie\u00dfen die Sch\u00fclerinnen und Sch\u00fcler gemeinsam mit ihren Lehrkr\u00e4ften das Schulgel\u00e4nde und machten sich auf den Weg zu verschiedenen Leseorten im Stadtgebiet. Das &hellip; <a href=\"https:\/\/obs-seesen.de\/?p=3375\" class=\"more-link\"><span class=\"screen-reader-text\">Offenes Lesen in Seesen zum Welttag des Buches<\/span> weiterlesen <span class=\"meta-nav\">&rarr;<\/span><\/a><\/p>\n","protected":false},"author":5,"featured_media":3378,"comment_status":"closed","ping_status":"closed","sticky":false,"template":"","format":"standard","meta":{"footnotes":""},"categories":[1],"tags":[49,10,192,48,181],"class_list":["post-3375","post","type-post","status-publish","format-standard","has-post-thumbnail","hentry","category-allgemein","tag-lesen","tag-oberschule","tag-schueler","tag-seesen","tag-vorlesen"],"yoast_head":"<!-- This site is optimized with the Yoast SEO plugin v27.5 - https:\/\/yoast.com\/product\/yoast-seo-wordpress\/ -->\n<title>Offenes Lesen in Seesen zum Welttag des Buches - Oberschule Seesen<\/title>\n<meta name=\"robots\" content=\"index, follow, max-snippet:-1, max-image-preview:large, max-video-preview:-1\" \/>\n<link rel=\"canonical\" href=\"https:\/\/obs-seesen.de\/?p=3375\" \/>\n<meta property=\"og:locale\" content=\"de_DE\" \/>\n<meta property=\"og:type\" content=\"article\" \/>\n<meta property=\"og:title\" content=\"Offenes Lesen in Seesen zum Welttag des Buches - Oberschule Seesen\" \/>\n<meta property=\"og:description\" content=\"Anl\u00e4sslich des Welttags des Buches am 23. April fand an der Oberschule Seesen erneut das Projekt \u201eOffenes Lesen\u201c im Jahrgang 5 statt. In der Zeit von der ersten bis zur f\u00fcnften Stunde verlie\u00dfen die Sch\u00fclerinnen und Sch\u00fcler gemeinsam mit ihren Lehrkr\u00e4ften das Schulgel\u00e4nde und machten sich auf den Weg zu verschiedenen Leseorten im Stadtgebiet. Das &hellip; Offenes Lesen in Seesen zum Welttag des Buches weiterlesen &rarr;\" \/>\n<meta property=\"og:url\" content=\"https:\/\/obs-seesen.de\/?p=3375\" \/>\n<meta property=\"og:site_name\" content=\"Oberschule Seesen\" \/>\n<meta property=\"article:published_time\" content=\"2026-04-29T09:09:33+00:00\" \/>\n<meta property=\"article:modified_time\" content=\"2026-04-29T09:13:38+00:00\" \/>\n<meta property=\"og:image\" content=\"https:\/\/obs-seesen.de\/wp-content\/uploads\/2026\/04\/IMG_2584-scaled.jpeg\" \/>\n\t<meta property=\"og:image:width\" content=\"1920\" \/>\n\t<meta property=\"og:image:height\" content=\"2560\" \/>\n\t<meta property=\"og:image:type\" content=\"image\/jpeg\" \/>\n<meta name=\"author\" content=\"Sarah Wolny\" \/>\n<meta name=\"twitter:label1\" content=\"Verfasst von\" \/>\n\t<meta name=\"twitter:data1\" content=\"Sarah Wolny\" \/>\n\t<meta name=\"twitter:label2\" content=\"Gesch\u00e4tzte Lesezeit\" \/>\n\t<meta name=\"twitter:data2\" content=\"3\u00a0Minuten\" \/>\n<script type=\"application\/ld+json\" class=\"yoast-schema-graph\">{\"@context\":\"https:\\\/\\\/schema.org\",\"@graph\":[{\"@type\":\"Article\",\"@id\":\"https:\\\/\\\/obs-seesen.de\\\/?p=3375#article\",\"isPartOf\":{\"@id\":\"https:\\\/\\\/obs-seesen.de\\\/?p=3375\"},\"author\":{\"name\":\"Sarah Wolny\",\"@id\":\"https:\\\/\\\/obs-seesen.de\\\/#\\\/schema\\\/person\\\/754ea90b82286a6f4ff36c47e501b4b8\"},\"headline\":\"Offenes Lesen in Seesen zum Welttag des Buches\",\"datePublished\":\"2026-04-29T09:09:33+00:00\",\"dateModified\":\"2026-04-29T09:13:38+00:00\",\"mainEntityOfPage\":{\"@id\":\"https:\\\/\\\/obs-seesen.de\\\/?p=3375\"},\"wordCount\":261,\"image\":{\"@id\":\"https:\\\/\\\/obs-seesen.de\\\/?p=3375#primaryimage\"},\"thumbnailUrl\":\"https:\\\/\\\/obs-seesen.de\\\/wp-content\\\/uploads\\\/2026\\\/04\\\/IMG_2584-scaled.jpeg\",\"keywords\":[\"Lesen\",\"Oberschule\",\"Sch\u00fcler\",\"Seesen\",\"Vorlesen\"],\"inLanguage\":\"de\"},{\"@type\":\"WebPage\",\"@id\":\"https:\\\/\\\/obs-seesen.de\\\/?p=3375\",\"url\":\"https:\\\/\\\/obs-seesen.de\\\/?p=3375\",\"name\":\"Offenes Lesen in Seesen zum Welttag des Buches - Oberschule Seesen\",\"isPartOf\":{\"@id\":\"https:\\\/\\\/obs-seesen.de\\\/#website\"},\"primaryImageOfPage\":{\"@id\":\"https:\\\/\\\/obs-seesen.de\\\/?p=3375#primaryimage\"},\"image\":{\"@id\":\"https:\\\/\\\/obs-seesen.de\\\/?p=3375#primaryimage\"},\"thumbnailUrl\":\"https:\\\/\\\/obs-seesen.de\\\/wp-content\\\/uploads\\\/2026\\\/04\\\/IMG_2584-scaled.jpeg\",\"datePublished\":\"2026-04-29T09:09:33+00:00\",\"dateModified\":\"2026-04-29T09:13:38+00:00\",\"author\":{\"@id\":\"https:\\\/\\\/obs-seesen.de\\\/#\\\/schema\\\/person\\\/754ea90b82286a6f4ff36c47e501b4b8\"},\"breadcrumb\":{\"@id\":\"https:\\\/\\\/obs-seesen.de\\\/?p=3375#breadcrumb\"},\"inLanguage\":\"de\",\"potentialAction\":[{\"@type\":\"ReadAction\",\"target\":[\"https:\\\/\\\/obs-seesen.de\\\/?p=3375\"]}]},{\"@type\":\"ImageObject\",\"inLanguage\":\"de\",\"@id\":\"https:\\\/\\\/obs-seesen.de\\\/?p=3375#primaryimage\",\"url\":\"https:\\\/\\\/obs-seesen.de\\\/wp-content\\\/uploads\\\/2026\\\/04\\\/IMG_2584-scaled.jpeg\",\"contentUrl\":\"https:\\\/\\\/obs-seesen.de\\\/wp-content\\\/uploads\\\/2026\\\/04\\\/IMG_2584-scaled.jpeg\",\"width\":1920,\"height\":2560},{\"@type\":\"BreadcrumbList\",\"@id\":\"https:\\\/\\\/obs-seesen.de\\\/?p=3375#breadcrumb\",\"itemListElement\":[{\"@type\":\"ListItem\",\"position\":1,\"name\":\"Home\",\"item\":\"https:\\\/\\\/obs-seesen.de\\\/\"},{\"@type\":\"ListItem\",\"position\":2,\"name\":\"Offenes Lesen in Seesen zum Welttag des Buches\"}]},{\"@type\":\"WebSite\",\"@id\":\"https:\\\/\\\/obs-seesen.de\\\/#website\",\"url\":\"https:\\\/\\\/obs-seesen.de\\\/\",\"name\":\"Oberschule Seesen\",\"description\":\"seit 1884 | Ganztagsschule | mit gymnasialem Angebot | Sch\u00fclerfriedenspreis 2015\",\"potentialAction\":[{\"@type\":\"SearchAction\",\"target\":{\"@type\":\"EntryPoint\",\"urlTemplate\":\"https:\\\/\\\/obs-seesen.de\\\/?s={search_term_string}\"},\"query-input\":{\"@type\":\"PropertyValueSpecification\",\"valueRequired\":true,\"valueName\":\"search_term_string\"}}],\"inLanguage\":\"de\"},{\"@type\":\"Person\",\"@id\":\"https:\\\/\\\/obs-seesen.de\\\/#\\\/schema\\\/person\\\/754ea90b82286a6f4ff36c47e501b4b8\",\"name\":\"Sarah Wolny\",\"image\":{\"@type\":\"ImageObject\",\"inLanguage\":\"de\",\"@id\":\"https:\\\/\\\/secure.gravatar.com\\\/avatar\\\/3d4a033f3d5863defe14b64f37e4f89ab3b65a0c80a082904d57994784fc91a5?s=96&d=mm&r=g\",\"url\":\"https:\\\/\\\/secure.gravatar.com\\\/avatar\\\/3d4a033f3d5863defe14b64f37e4f89ab3b65a0c80a082904d57994784fc91a5?s=96&d=mm&r=g\",\"contentUrl\":\"https:\\\/\\\/secure.gravatar.com\\\/avatar\\\/3d4a033f3d5863defe14b64f37e4f89ab3b65a0c80a082904d57994784fc91a5?s=96&d=mm&r=g\",\"caption\":\"Sarah Wolny\"},\"url\":\"https:\\\/\\\/obs-seesen.de\\\/?author=5\"}]}<\/script>\n<!-- \/ Yoast SEO plugin. -->","yoast_head_json":{"title":"Offenes Lesen in Seesen zum Welttag des Buches - Oberschule Seesen","robots":{"index":"index","follow":"follow","max-snippet":"max-snippet:-1","max-image-preview":"max-image-preview:large","max-video-preview":"max-video-preview:-1"},"canonical":"https:\/\/obs-seesen.de\/?p=3375","og_locale":"de_DE","og_type":"article","og_title":"Offenes Lesen in Seesen zum Welttag des Buches - Oberschule Seesen","og_description":"Anl\u00e4sslich des Welttags des Buches am 23. April fand an der Oberschule Seesen erneut das Projekt \u201eOffenes Lesen\u201c im Jahrgang 5 statt. In der Zeit von der ersten bis zur f\u00fcnften Stunde verlie\u00dfen die Sch\u00fclerinnen und Sch\u00fcler gemeinsam mit ihren Lehrkr\u00e4ften das Schulgel\u00e4nde und machten sich auf den Weg zu verschiedenen Leseorten im Stadtgebiet. Das &hellip; Offenes Lesen in Seesen zum Welttag des Buches weiterlesen &rarr;","og_url":"https:\/\/obs-seesen.de\/?p=3375","og_site_name":"Oberschule Seesen","article_published_time":"2026-04-29T09:09:33+00:00","article_modified_time":"2026-04-29T09:13:38+00:00","og_image":[{"width":1920,"height":2560,"url":"https:\/\/obs-seesen.de\/wp-content\/uploads\/2026\/04\/IMG_2584-scaled.jpeg","type":"image\/jpeg"}],"author":"Sarah Wolny","twitter_misc":{"Verfasst von":"Sarah Wolny","Gesch\u00e4tzte Lesezeit":"3\u00a0Minuten"},"schema":{"@context":"https:\/\/schema.org","@graph":[{"@type":"Article","@id":"https:\/\/obs-seesen.de\/?p=3375#article","isPartOf":{"@id":"https:\/\/obs-seesen.de\/?p=3375"},"author":{"name":"Sarah Wolny","@id":"https:\/\/obs-seesen.de\/#\/schema\/person\/754ea90b82286a6f4ff36c47e501b4b8"},"headline":"Offenes Lesen in Seesen zum Welttag des Buches","datePublished":"2026-04-29T09:09:33+00:00","dateModified":"2026-04-29T09:13:38+00:00","mainEntityOfPage":{"@id":"https:\/\/obs-seesen.de\/?p=3375"},"wordCount":261,"image":{"@id":"https:\/\/obs-seesen.de\/?p=3375#primaryimage"},"thumbnailUrl":"https:\/\/obs-seesen.de\/wp-content\/uploads\/2026\/04\/IMG_2584-scaled.jpeg","keywords":["Lesen","Oberschule","Sch\u00fcler","Seesen","Vorlesen"],"inLanguage":"de"},{"@type":"WebPage","@id":"https:\/\/obs-seesen.de\/?p=3375","url":"https:\/\/obs-seesen.de\/?p=3375","name":"Offenes Lesen in Seesen zum Welttag des Buches - Oberschule Seesen","isPartOf":{"@id":"https:\/\/obs-seesen.de\/#website"},"primaryImageOfPage":{"@id":"https:\/\/obs-seesen.de\/?p=3375#primaryimage"},"image":{"@id":"https:\/\/obs-seesen.de\/?p=3375#primaryimage"},"thumbnailUrl":"https:\/\/obs-seesen.de\/wp-content\/uploads\/2026\/04\/IMG_2584-scaled.jpeg","datePublished":"2026-04-29T09:09:33+00:00","dateModified":"2026-04-29T09:13:38+00:00","author":{"@id":"https:\/\/obs-seesen.de\/#\/schema\/person\/754ea90b82286a6f4ff36c47e501b4b8"},"breadcrumb":{"@id":"https:\/\/obs-seesen.de\/?p=3375#breadcrumb"},"inLanguage":"de","potentialAction":[{"@type":"ReadAction","target":["https:\/\/obs-seesen.de\/?p=3375"]}]},{"@type":"ImageObject","inLanguage":"de","@id":"https:\/\/obs-seesen.de\/?p=3375#primaryimage","url":"https:\/\/obs-seesen.de\/wp-content\/uploads\/2026\/04\/IMG_2584-scaled.jpeg","contentUrl":"https:\/\/obs-seesen.de\/wp-content\/uploads\/2026\/04\/IMG_2584-scaled.jpeg","width":1920,"height":2560},{"@type":"BreadcrumbList","@id":"https:\/\/obs-seesen.de\/?p=3375#breadcrumb","itemListElement":[{"@type":"ListItem","position":1,"name":"Home","item":"https:\/\/obs-seesen.de\/"},{"@type":"ListItem","position":2,"name":"Offenes Lesen in Seesen zum Welttag des Buches"}]},{"@type":"WebSite","@id":"https:\/\/obs-seesen.de\/#website","url":"https:\/\/obs-seesen.de\/","name":"Oberschule Seesen","description":"seit 1884 | Ganztagsschule | mit gymnasialem Angebot | Sch\u00fclerfriedenspreis 2015","potentialAction":[{"@type":"SearchAction","target":{"@type":"EntryPoint","urlTemplate":"https:\/\/obs-seesen.de\/?s={search_term_string}"},"query-input":{"@type":"PropertyValueSpecification","valueRequired":true,"valueName":"search_term_string"}}],"inLanguage":"de"},{"@type":"Person","@id":"https:\/\/obs-seesen.de\/#\/schema\/person\/754ea90b82286a6f4ff36c47e501b4b8","name":"Sarah Wolny","image":{"@type":"ImageObject","inLanguage":"de","@id":"https:\/\/secure.gravatar.com\/avatar\/3d4a033f3d5863defe14b64f37e4f89ab3b65a0c80a082904d57994784fc91a5?s=96&d=mm&r=g","url":"https:\/\/secure.gravatar.com\/avatar\/3d4a033f3d5863defe14b64f37e4f89ab3b65a0c80a082904d57994784fc91a5?s=96&d=mm&r=g","contentUrl":"https:\/\/secure.gravatar.com\/avatar\/3d4a033f3d5863defe14b64f37e4f89ab3b65a0c80a082904d57994784fc91a5?s=96&d=mm&r=g","caption":"Sarah Wolny"},"url":"https:\/\/obs-seesen.de\/?author=5"}]}},"_links":{"self":[{"href":"https:\/\/obs-seesen.de\/index.php?rest_route=\/wp\/v2\/posts\/3375","targetHints":{"allow":["GET"]}}],"collection":[{"href":"https:\/\/obs-seesen.de\/index.php?rest_route=\/wp\/v2\/posts"}],"about":[{"href":"https:\/\/obs-seesen.de\/index.php?rest_route=\/wp\/v2\/types\/post"}],"author":[{"embeddable":true,"href":"https:\/\/obs-seesen.de\/index.php?rest_route=\/wp\/v2\/users\/5"}],"replies":[{"embeddable":true,"href":"https:\/\/obs-seesen.de\/index.php?rest_route=%2Fwp%2Fv2%2Fcomments&post=3375"}],"version-history":[{"count":2,"href":"https:\/\/obs-seesen.de\/index.php?rest_route=\/wp\/v2\/posts\/3375\/revisions"}],"predecessor-version":[{"id":3385,"href":"https:\/\/obs-seesen.de\/index.php?rest_route=\/wp\/v2\/posts\/3375\/revisions\/3385"}],"wp:featuredmedia":[{"embeddable":true,"href":"https:\/\/obs-seesen.de\/index.php?rest_route=\/wp\/v2\/media\/3378"}],"wp:attachment":[{"href":"https:\/\/obs-seesen.de\/index.php?rest_route=%2Fwp%2Fv2%2Fmedia&parent=3375"}],"wp:term":[{"taxonomy":"category","embeddable":true,"href":"https:\/\/obs-seesen.de\/index.php?rest_route=%2Fwp%2Fv2%2Fcategories&post=3375"},{"taxonomy":"post_tag","embeddable":true,"href":"https:\/\/obs-seesen.de\/index.php?rest_route=%2Fwp%2Fv2%2Ftags&post=3375"}],"curies":[{"name":"wp","href":"https:\/\/api.w.org\/{rel}","templated":true}]}}